{"id":29759,"date":"2023-07-04T11:46:48","date_gmt":"2023-07-04T09:46:48","guid":{"rendered":"https:\/\/finquesmartell.com\/mantingues-la-teva-comunitat-segura-durant-les-vacances-cameres-de-seguretat-i-el-reglament-que-has-de-coneixer\/"},"modified":"2023-11-08T11:18:27","modified_gmt":"2023-11-08T10:18:27","slug":"mantingues-la-teva-comunitat-segura-durant-les-vacances-cameres-de-seguretat-i-el-reglament-que-has-de-coneixer","status":"publish","type":"post","link":"https:\/\/finquesmartell.com\/ca\/mantingues-la-teva-comunitat-segura-durant-les-vacances-cameres-de-seguretat-i-el-reglament-que-has-de-coneixer\/","title":{"rendered":"Mantingues la teva comunitat segura durant les vacances: c\u00e0meres de seguretat i el reglament que has de con\u00e8ixer"},"content":{"rendered":"\n<p>Mantenir la seguretat d\u2019una comunitat durant les vacances \u00e9s una preocupaci\u00f3 comuna per a molts residents. Una manera efectiva d\u2019augmentar la seguretat \u00e9s mitjan\u00e7ant la instal\u00b7laci\u00f3 de c\u00e0meres de seguretat. No obstant aix\u00f2, \u00e9s important tenir en compte el reglament aplicable a aquestes instal\u00b7lacions per garantir el compliment de les lleis i protegir la privadesa de les persones. A&nbsp;<strong>Finques Martell<\/strong>&nbsp;et detallem algunes pautes importants que has de con\u00e8ixer.<\/p>\n\n\n\n<p>En primer lloc, \u00e9s fonamental familiaritzar-se amb les lleis de privadesa i protecci\u00f3 de dades, ja que estableixen certs requisits i restriccions pel que fa a l\u2019enregistrament i l\u2019\u00fas d\u2019imatges de persones. La comunitat ha d\u2019assegurar-se de complir les lleis aplicables, obtenint el consentiment adequat si \u00e9s necessari i limitant l\u2019acc\u00e9s a les imatges capturades i emmagatzemades.<\/p>\n\n\n\n<p>A m\u00e9s de les lleis de privadesa, tamb\u00e9 cal consultar el reglament de la comunitat en relaci\u00f3 amb la instal\u00b7laci\u00f3 de c\u00e0meres de seguretat. Algunes comunitats poden tenir restriccions espec\u00edfiques sobre on es poden col\u00b7locar les c\u00e0meres, com han de ser instal\u00b7lades i quines \u00e0rees poden ser monitorades.<\/p>\n\n\n\n<p>Aix\u00ed mateix, \u00e9s essencial mantenir una comunicaci\u00f3 transparent amb tots els residents. Cal informar els ve\u00efns sobre la instal\u00b7laci\u00f3 de c\u00e0meres i brindar-los detalls sobre la seva ubicaci\u00f3 i \u00e0rees que estaran cobertes per la vigil\u00e0ncia. Aix\u00f2 promou la confian\u00e7a i evita malentesos o preocupacions innecess\u00e0ries.<\/p>\n\n\n\n<p>Quan es tria un sistema de c\u00e0meres de seguretat, cal assegurar-se que compleixi els est\u00e0ndards i certificacions pertinents, que siguin c\u00e0meres de qualitat que ofereixin imatges clares i que tingui una bona capacitat d\u2019emmagatzematge de dades.<\/p>\n\n\n\n<p>Un altre aspecte que cal tenir en compte \u00e9s l\u2019emmagatzematge i la gesti\u00f3 de les dades capturades per les c\u00e0meres. S\u2019ha de comptar amb un sistema segur i de confian\u00e7a per emmagatzemar les imatges enregistrades. Si \u00e9s possible, xifrar les dades per protegir la informaci\u00f3 sensible. A m\u00e9s d\u2019establir una pol\u00edtica clara sobre la conserva de les dades gravades, definint un per\u00edode de 30 dies, i assegurant-se d\u2019eliminar els registres de manera adequada una vegada ja no siguin necessaris.<\/p>\n\n\n\n<p>Aquests s\u00f3n alguns requisits a tenir en compte a l\u2019hora d\u2019instal\u00b7lar c\u00e0meres i c\u00e0meres de v\u00eddeo a la teva comunitat de propietaris:<\/p>\n\n\n\n<p>Legitimaci\u00f3 de la instal\u00b7laci\u00f3<\/p>\n\n\n\n<ul class=\"wp-block-list\">\n<li>Ha de ser aprovat per la comunitat de propietaris perqu\u00e8 la instal\u00b7laci\u00f3 sigui legal.<\/li>\n\n\n\n<li>El Reglament General de Protecci\u00f3 de Dades regula el tractament de dades personals d\u2019imatge, \u00e0udio i \u00fas a l\u2019apartat 6.1.<\/li>\n<\/ul>\n\n\n\n<p>Registre d\u2019activitats de tractament<\/p>\n\n\n\n<ul class=\"wp-block-list\">\n<li>Un cop operativa la videovigil\u00e0ncia, s\u2019ha de registrar com a annex al registre d\u2019activitats.<\/li>\n<\/ul>\n\n\n\n<p>Dret a la Informaci\u00f3<\/p>\n\n\n\n<ul class=\"wp-block-list\">\n<li>S\u2019ha de col\u00b7locar almenys un cartell visible que indiqui que s\u2019est\u00e0 entrant a una zona de videovigil\u00e0ncia. Hi ha un model de cartell disponible a la web de l\u2019Ag\u00e8ncia Espanyola de Protecci\u00f3 de Dades.<\/li>\n<\/ul>\n\n\n\n<p>Caracter\u00edstiques que han de complir les imatges<\/p>\n\n\n\n<ul class=\"wp-block-list\">\n<li>Les c\u00e0meres nom\u00e9s poden captar imatges de les \u00e0rees comunes de la comunitat. No es poden fer fotografies dels locals o cases confrontants<\/li>\n\n\n\n<li>Cal complir les lleis i les ordenances fins i tot quan se sol\u00b7licita la instal\u00b7laci\u00f3 a un contractista d\u2019instal\u00b7laci\u00f3.<\/li>\n\n\n\n<li>Les imatges nom\u00e9s han de ser accessibles a les persones designades per la comunitat de propietaris.<\/li>\n\n\n\n<li>El sistema d\u2019enregistrament \u00e9s un videoenregistrador IP o un videoenregistrador anal\u00f2gic instal\u00b7lat en un lloc ocult i monitorat.<\/li>\n\n\n\n<li>S\u2019ha de crear un nom d\u2019usuari i una contrasenya per accedir a les imatges.<\/li>\n<\/ul>\n","protected":false},"excerpt":{"rendered":"<p>Mantenir la seguretat d\u2019una comunitat durant les vacances \u00e9s una preocupaci\u00f3 comuna per a molts residents. Una manera efectiva d\u2019augmentar<\/p>\n","protected":false},"author":1,"featured_media":2875,"comment_status":"closed","ping_status":"closed","sticky":false,"template":"","format":"standard","meta":{"_acf_changed":false,"CBBTypography":[],"footnotes":""},"categories":[],"tags":[],"class_list":["post-29759","post","type-post","status-publish","format-standard","has-post-thumbnail","hentry","generate-columns","tablet-grid-50","mobile-grid-100","grid-parent","grid-25","no-featured-image-padding"],"acf":[],"_links":{"self":[{"href":"https:\/\/finquesmartell.com\/ca\/wp-json\/wp\/v2\/posts\/29759","targetHints":{"allow":["GET"]}}],"collection":[{"href":"https:\/\/finquesmartell.com\/ca\/wp-json\/wp\/v2\/posts"}],"about":[{"href":"https:\/\/finquesmartell.com\/ca\/wp-json\/wp\/v2\/types\/post"}],"author":[{"embeddable":true,"href":"https:\/\/finquesmartell.com\/ca\/wp-json\/wp\/v2\/users\/1"}],"replies":[{"embeddable":true,"href":"https:\/\/finquesmartell.com\/ca\/wp-json\/wp\/v2\/comments?post=29759"}],"version-history":[{"count":1,"href":"https:\/\/finquesmartell.com\/ca\/wp-json\/wp\/v2\/posts\/29759\/revisions"}],"predecessor-version":[{"id":29760,"href":"https:\/\/finquesmartell.com\/ca\/wp-json\/wp\/v2\/posts\/29759\/revisions\/29760"}],"wp:featuredmedia":[{"embeddable":true,"href":"https:\/\/finquesmartell.com\/ca\/wp-json\/wp\/v2\/media\/2875"}],"wp:attachment":[{"href":"https:\/\/finquesmartell.com\/ca\/wp-json\/wp\/v2\/media?parent=29759"}],"wp:term":[{"taxonomy":"category","embeddable":true,"href":"https:\/\/finquesmartell.com\/ca\/wp-json\/wp\/v2\/categories?post=29759"},{"taxonomy":"post_tag","embeddable":true,"href":"https:\/\/finquesmartell.com\/ca\/wp-json\/wp\/v2\/tags?post=29759"}],"curies":[{"name":"wp","href":"https:\/\/api.w.org\/{rel}","templated":true}]}}