{"id":37071,"date":"2023-11-08T11:31:29","date_gmt":"2023-11-08T10:31:29","guid":{"rendered":"https:\/\/finquesmartell.com\/lhivern-sacosta-com-tenir-cura-de-la-teva-comunitat-de-propietaris-2\/"},"modified":"2023-11-30T15:03:01","modified_gmt":"2023-11-30T14:03:01","slug":"lhivern-sacosta-com-tenir-cura-de-la-teva-comunitat-de-propietaris-2","status":"publish","type":"post","link":"https:\/\/finquesmartell.com\/ca\/lhivern-sacosta-com-tenir-cura-de-la-teva-comunitat-de-propietaris-2\/","title":{"rendered":"L&#8217;hivern s&#8217;acosta: Com tenir cura de la teva comunitat de propietaris"},"content":{"rendered":"\n<p>L&#8217;hivern pot ser una temporada desafiant per a les comunitats de propietaris, ja que el mal temps i les temperatures baixes poden donar lloc a una s\u00e8rie de problemes i preocupacions. A <strong>Finques Martell<\/strong> us oferim alguns consells sobre com tenir cura de la vostra comunitat de propietaris durant l&#8217;hivern i mantenir les instal\u00b7lacions en \u00f2ptimes condicions.<\/p>\n\n<ul class=\"wp-block-list\">\n<li><strong>Planificaci\u00f3 pressupost\u00e0ria<\/strong><\/li>\n<\/ul>\n\n<p>Abans de l&#8217;arribada de l&#8217;hivern, \u00e9s important tenir un pressupost adequat per fer front a les necessitats de manteniment i neteja, que inclogui la contractaci\u00f3 de serveis d&#8217;eliminaci\u00f3 de neu i gel, reparacions de calefacci\u00f3 i altres despeses relacionades amb l&#8217;hivern.<\/p>\n\n<ul class=\"wp-block-list\">\n<li><strong>Eliminaci\u00f3 de neu i gel<\/strong><\/li>\n<\/ul>\n\n<p>L&#8217;acumulaci\u00f3 de neu i gel a les \u00e0rees comunes, com ara entrades i estacionaments, pot ser perillosa. Cal assegurar-se de tenir un pla per eliminar la neu i el gel de manera oportuna, ja sigui mitjan\u00e7ant la contractaci\u00f3 d&#8217;un servei professional o l&#8217;assignaci\u00f3 d&#8217;aquesta tasca a un membre de la comunitat.<\/p>\n\n<ul class=\"wp-block-list\">\n<li><strong>Calefacci\u00f3 i a\u00efllament<\/strong><\/li>\n<\/ul>\n\n<p>\u00c9s primordial verificar que els sistemes de calefacci\u00f3 estiguin funcionant correctament i que els edificis estiguin ben a\u00efllats per conservar la calor. El manteniment preventiu \u00e9s essencial per evitar problemes de calefacci\u00f3 a l&#8217;hivern.<\/p>\n\n<ul class=\"wp-block-list\">\n<li><strong>Canonades i fontaneria<\/strong><\/li>\n<\/ul>\n\n<p>Les canonades congelades poden causar danys costosos, per aix\u00f2 cal comprovar que les canonades estiguin a\u00efllades i protegides. A m\u00e9s, \u00e9s fonamental fer un manteniment adequat del sistema de fontaneria per prevenir fuites i trencaments.<\/p>\n\n<ul class=\"wp-block-list\">\n<li><strong>Comunicaci\u00f3 efectiva<\/strong><\/li>\n<\/ul>\n\n<p>\u00c9s molt \u00fatil mantenir una comunicaci\u00f3 oberta amb els propietaris a trav\u00e9s de butlletins, correus electr\u00f2nics o xarxes socials per mantenir-los informats sobre temes importants de la comunitat, com el manteniment d&#8217;hivern, les dates de reunions i qualsevol altre assumpte rellevant.<\/p>\n\n<ul class=\"wp-block-list\">\n<li><strong>Revisi\u00f3 d&#8217;assegurances<\/strong><\/li>\n<\/ul>\n\n<p>Tamb\u00e9 conv\u00e9 verificar que la comunitat de propietaris tingui una asseguran\u00e7a adequada que cobreixi possibles danys hivernals, com ara la caiguda d&#8217;arbres a causa de la neu o danys per aigua causats per canonades congelades.<\/p>\n\n<ul class=\"wp-block-list\">\n<li><strong>Manteniment d&#8217;\u00e0rees verdes<\/strong><\/li>\n<\/ul>\n\n<p>Tot i que l&#8217;hivern pot fer que les \u00e0rees verdes de la comunitat entrin en un estat d&#8217;inactivitat, cal dur a terme un manteniment b\u00e0sic, com ara retallar arbres, podar arbustos i eliminar les fulles caigudes. Tamb\u00e9 es pot considerar la sembra de plantes d&#8217;hivern resistents que afegeixin color i vida a la comunitat.<\/p>\n\n<ul class=\"wp-block-list\">\n<li><strong>Inspecci\u00f3 de teulades i canalons<\/strong><\/li>\n<\/ul>\n\n<p>Les acumulacions de neu i gel a les teulades poden ser perjudicials. Per evitar-ho, cal inspeccionar regularment les teulades i assegurar-se que els canalons estiguin nets per evitar problemes de filtracions i desbordaments d&#8217;aigua.<\/p>\n\n<ul class=\"wp-block-list\">\n<li><strong>Il\u00b7luminaci\u00f3 adequada<\/strong><\/li>\n<\/ul>\n\n<p>Els dies s\u00f3n m\u00e9s curts a l&#8217;hivern, cosa que fa que la il\u00b7luminaci\u00f3 en \u00e0rees comunes sigui encara m\u00e9s important, per tant, tots els llums exteriors han d&#8217;estar funcionant correctament i cal considerar la possibilitat d&#8217;actualitzar una il\u00b7luminaci\u00f3 LED m\u00e9s eficient en termes energ\u00e8tics .<\/p>\n\n<ul class=\"wp-block-list\">\n<li><strong>Prevenci\u00f3 de la formaci\u00f3 de gel a balcons i escales<\/strong><\/li>\n<\/ul>\n\n<p>El gel acumulat a balcons i escales pot ser perill\u00f3s. Col\u00b7loqueu catifes antilliscants, utilitza sal per fondre el gel i senyals d&#8217;advertiment per mantenir els propietaris segurs.<\/p>\n\n<ul class=\"wp-block-list\">\n<li><strong>Neteja regular<\/strong><\/li>\n<\/ul>\n\n<p>Durant l&#8217;hivern tamb\u00e9 cal fer una neteja regular de les \u00e0rees comunes, incloent passadissos, garatges i espais d&#8217;emmagatzematge, ja que ajuda a mantenir la comunitat en bon estat i a prevenir danys a la propietat.<\/p>\n\n<ul class=\"wp-block-list\">\n<li><strong>Equips d&#8217;emerg\u00e8ncia<\/strong><\/li>\n<\/ul>\n\n<p>\u00c9s important assegurar-se que hi hagi equips d&#8217;emerg\u00e8ncia disponibles a la comunitat, com ara extintors i farmacioles de primers auxilis, i que els propietaris s\u00e0piguen on s\u00f3n.<\/p>\n\n<ul class=\"wp-block-list\">\n<li><strong>Respecte de les normatives locals<\/strong><\/li>\n<\/ul>\n\n<p>Con\u00e8ixer i respectar les normatives locals relacionades amb el manteniment i la seguretat a l&#8217;hivern garanteix que la comunitat compleixi els requisits legals i estigui preparada per afrontar qualsevol eventualitat.<\/p>\n\n<p>La cura duna comunitat de propietaris durant l&#8217;hivern \u00e9s essencial per garantir la seguretat i la comoditat dels seus residents. La planificaci\u00f3, el manteniment preventiu i la comunicaci\u00f3 efectiva s\u00f3n claus per mantenir una comunitat de propietaris en bon estat durant la temporada hivernal.<\/p>\n","protected":false},"excerpt":{"rendered":"<p>L&#8217;hivern pot ser una temporada desafiant per a les comunitats de propietaris, ja que el mal temps i les temperatures<\/p>\n","protected":false},"author":2,"featured_media":36364,"comment_status":"open","ping_status":"closed","sticky":false,"template":"","format":"standard","meta":{"_acf_changed":false,"CBBTypography":[],"footnotes":""},"categories":[1],"tags":[],"class_list":["post-37071","post","type-post","status-publish","format-standard","has-post-thumbnail","hentry","category-sin-categorizar","generate-columns","tablet-grid-50","mobile-grid-100","grid-parent","grid-25","no-featured-image-padding"],"acf":[],"_links":{"self":[{"href":"https:\/\/finquesmartell.com\/ca\/wp-json\/wp\/v2\/posts\/37071","targetHints":{"allow":["GET"]}}],"collection":[{"href":"https:\/\/finquesmartell.com\/ca\/wp-json\/wp\/v2\/posts"}],"about":[{"href":"https:\/\/finquesmartell.com\/ca\/wp-json\/wp\/v2\/types\/post"}],"author":[{"embeddable":true,"href":"https:\/\/finquesmartell.com\/ca\/wp-json\/wp\/v2\/users\/2"}],"replies":[{"embeddable":true,"href":"https:\/\/finquesmartell.com\/ca\/wp-json\/wp\/v2\/comments?post=37071"}],"version-history":[{"count":1,"href":"https:\/\/finquesmartell.com\/ca\/wp-json\/wp\/v2\/posts\/37071\/revisions"}],"predecessor-version":[{"id":37072,"href":"https:\/\/finquesmartell.com\/ca\/wp-json\/wp\/v2\/posts\/37071\/revisions\/37072"}],"wp:featuredmedia":[{"embeddable":true,"href":"https:\/\/finquesmartell.com\/ca\/wp-json\/wp\/v2\/media\/36364"}],"wp:attachment":[{"href":"https:\/\/finquesmartell.com\/ca\/wp-json\/wp\/v2\/media?parent=37071"}],"wp:term":[{"taxonomy":"category","embeddable":true,"href":"https:\/\/finquesmartell.com\/ca\/wp-json\/wp\/v2\/categories?post=37071"},{"taxonomy":"post_tag","embeddable":true,"href":"https:\/\/finquesmartell.com\/ca\/wp-json\/wp\/v2\/tags?post=37071"}],"curies":[{"name":"wp","href":"https:\/\/api.w.org\/{rel}","templated":true}]}}