{"id":37566,"date":"2023-11-15T13:12:33","date_gmt":"2023-11-15T12:12:33","guid":{"rendered":"https:\/\/finquesmartell.com\/que-es-lavalloguer-cobertura-per-a-llogater-i-arrendador\/"},"modified":"2023-11-15T13:12:33","modified_gmt":"2023-11-15T12:12:33","slug":"que-es-lavalloguer-cobertura-per-a-llogater-i-arrendador","status":"publish","type":"post","link":"https:\/\/finquesmartell.com\/ca\/que-es-lavalloguer-cobertura-per-a-llogater-i-arrendador\/","title":{"rendered":"Qu\u00e8 \u00e9s l&#8217;avalloguer? Cobertura per a llogater i arrendador"},"content":{"rendered":"<div id=\"ez-toc-container\" class=\"ez-toc-v2_0_82_2 counter-hierarchy ez-toc-counter ez-toc-grey ez-toc-container-direction\">\n<div class=\"ez-toc-title-container\">\n<p class=\"ez-toc-title\" style=\"cursor:inherit\">Tabla de Contenidos<\/p>\n<span class=\"ez-toc-title-toggle\"><a href=\"#\" class=\"ez-toc-pull-right ez-toc-btn ez-toc-btn-xs ez-toc-btn-default ez-toc-toggle\" aria-label=\"Toggle Table of Content\"><span class=\"ez-toc-js-icon-con\"><span class=\"\"><span class=\"eztoc-hide\" style=\"display:none;\">Toggle<\/span><span class=\"ez-toc-icon-toggle-span\"><svg style=\"fill: #999;color:#999\" xmlns=\"http:\/\/www.w3.org\/2000\/svg\" class=\"list-377408\" width=\"20px\" height=\"20px\" viewBox=\"0 0 24 24\" fill=\"none\"><path d=\"M6 6H4v2h2V6zm14 0H8v2h12V6zM4 11h2v2H4v-2zm16 0H8v2h12v-2zM4 16h2v2H4v-2zm16 0H8v2h12v-2z\" fill=\"currentColor\"><\/path><\/svg><svg style=\"fill: #999;color:#999\" class=\"arrow-unsorted-368013\" xmlns=\"http:\/\/www.w3.org\/2000\/svg\" width=\"10px\" height=\"10px\" viewBox=\"0 0 24 24\" version=\"1.2\" baseProfile=\"tiny\"><path d=\"M18.2 9.3l-6.2-6.3-6.2 6.3c-.2.2-.3.4-.3.7s.1.5.3.7c.2.2.4.3.7.3h11c.3 0 .5-.1.7-.3.2-.2.3-.5.3-.7s-.1-.5-.3-.7zM5.8 14.7l6.2 6.3 6.2-6.3c.2-.2.3-.5.3-.7s-.1-.5-.3-.7c-.2-.2-.4-.3-.7-.3h-11c-.3 0-.5.1-.7.3-.2.2-.3.5-.3.7s.1.5.3.7z\"\/><\/svg><\/span><\/span><\/span><\/a><\/span><\/div>\n<nav><ul class='ez-toc-list ez-toc-list-level-1 eztoc-toggle-hide-by-default' ><ul class='ez-toc-list-level-3' ><li class='ez-toc-heading-level-3'><a class=\"ez-toc-link ez-toc-heading-1\" href=\"https:\/\/finquesmartell.com\/ca\/que-es-lavalloguer-cobertura-per-a-llogater-i-arrendador\/#Taula_de_continguts\" >Taula de continguts<\/a><\/li><li class='ez-toc-page-1 ez-toc-heading-level-3'><a class=\"ez-toc-link ez-toc-heading-2\" href=\"https:\/\/finquesmartell.com\/ca\/que-es-lavalloguer-cobertura-per-a-llogater-i-arrendador\/#Punts_clau\" >Punts clau<\/a><\/li><\/ul><\/li><li class='ez-toc-page-1 ez-toc-heading-level-2'><a class=\"ez-toc-link ez-toc-heading-3\" href=\"https:\/\/finquesmartell.com\/ca\/que-es-lavalloguer-cobertura-per-a-llogater-i-arrendador\/#Que_es_lavalloguer\" >Qu\u00e8 \u00e9s l&#8217;avalloguer?<\/a><\/li><li class='ez-toc-page-1 ez-toc-heading-level-2'><a class=\"ez-toc-link ez-toc-heading-4\" href=\"https:\/\/finquesmartell.com\/ca\/que-es-lavalloguer-cobertura-per-a-llogater-i-arrendador\/#Com_sollicitar_lavalloguer\" >Com sol\u00b7licitar l&#8217;avalloguer?<\/a><\/li><li class='ez-toc-page-1 ez-toc-heading-level-2'><a class=\"ez-toc-link ez-toc-heading-5\" href=\"https:\/\/finquesmartell.com\/ca\/que-es-lavalloguer-cobertura-per-a-llogater-i-arrendador\/#Qui_es_pot_beneficiar_de_lavalloguer\" >Qui es pot beneficiar de l&#8217;avalloguer?<\/a><\/li><li class='ez-toc-page-1 ez-toc-heading-level-2'><a class=\"ez-toc-link ez-toc-heading-6\" href=\"https:\/\/finquesmartell.com\/ca\/que-es-lavalloguer-cobertura-per-a-llogater-i-arrendador\/#Quines_cobertures_ofereix_lavalloguer\" >Quines cobertures ofereix l&#8217;avalloguer?<\/a><\/li><li class='ez-toc-page-1 ez-toc-heading-level-2'><a class=\"ez-toc-link ez-toc-heading-7\" href=\"https:\/\/finquesmartell.com\/ca\/que-es-lavalloguer-cobertura-per-a-llogater-i-arrendador\/#Quins_son_els_requisits_per_accedir_a_lavalloguer\" >Quins s\u00f3n els requisits per accedir a l&#8217;avalloguer?<\/a><\/li><li class='ez-toc-page-1 ez-toc-heading-level-2'><a class=\"ez-toc-link ez-toc-heading-8\" href=\"https:\/\/finquesmartell.com\/ca\/que-es-lavalloguer-cobertura-per-a-llogater-i-arrendador\/#Quins_son_els_avantatges_de_lavalloguer\" >Quins s\u00f3n els avantatges de l&#8217;avalloguer?<\/a><\/li><li class='ez-toc-page-1 ez-toc-heading-level-2'><a class=\"ez-toc-link ez-toc-heading-9\" href=\"https:\/\/finquesmartell.com\/ca\/que-es-lavalloguer-cobertura-per-a-llogater-i-arrendador\/#Preguntes_frequents_FAQs\" >Preguntes freq\u00fcents (FAQ&#8217;s)<\/a><ul class='ez-toc-list-level-3' ><li class='ez-toc-heading-level-3'><a class=\"ez-toc-link ez-toc-heading-10\" href=\"https:\/\/finquesmartell.com\/ca\/que-es-lavalloguer-cobertura-per-a-llogater-i-arrendador\/#Com_es_pot_sollicitar_lavalloguer\" >Com es pot sol\u00b7licitar l&#8217;avalloguer?<\/a><\/li><li class='ez-toc-page-1 ez-toc-heading-level-3'><a class=\"ez-toc-link ez-toc-heading-11\" href=\"https:\/\/finquesmartell.com\/ca\/que-es-lavalloguer-cobertura-per-a-llogater-i-arrendador\/#Que_implica_el_regim_de_lavalloguer\" >Qu\u00e8 implica el r\u00e8gim de l&#8217;avalloguer?<\/a><\/li><li class='ez-toc-page-1 ez-toc-heading-level-3'><a class=\"ez-toc-link ez-toc-heading-12\" href=\"https:\/\/finquesmartell.com\/ca\/que-es-lavalloguer-cobertura-per-a-llogater-i-arrendador\/#Quins_documents_son_necessaris_per_sollicitar_lavalloguer\" >Quins documents s\u00f3n necessaris per sol\u00b7licitar l&#8217;avalloguer?<\/a><\/li><li class='ez-toc-page-1 ez-toc-heading-level-3'><a class=\"ez-toc-link ez-toc-heading-13\" href=\"https:\/\/finquesmartell.com\/ca\/que-es-lavalloguer-cobertura-per-a-llogater-i-arrendador\/#Es_obligatori_el_registre_del_contracte_de_lloguer_per_accedir_a_lavalloguer\" >\u00c9s obligatori el registre del contracte de lloguer per accedir a l&#8217;avalloguer?<\/a><\/li><li class='ez-toc-page-1 ez-toc-heading-level-3'><a class=\"ez-toc-link ez-toc-heading-14\" href=\"https:\/\/finquesmartell.com\/ca\/que-es-lavalloguer-cobertura-per-a-llogater-i-arrendador\/#Que_cal_fer_si_larrendatari_no_ha_cobrat_cap_mensualitat_de_lloguer\" >Qu\u00e8 cal fer si l&#8217;arrendatari no ha cobrat cap mensualitat de lloguer?<\/a><\/li><li class='ez-toc-page-1 ez-toc-heading-level-3'><a class=\"ez-toc-link ez-toc-heading-15\" href=\"https:\/\/finquesmartell.com\/ca\/que-es-lavalloguer-cobertura-per-a-llogater-i-arrendador\/#Que_fa_lorganisme_gestor_de_lavalloguer\" >Qu\u00e8 fa l&#8217;organisme gestor de l&#8217;avalloguer?<\/a><\/li><li class='ez-toc-page-1 ez-toc-heading-level-3'><a class=\"ez-toc-link ez-toc-heading-16\" href=\"https:\/\/finquesmartell.com\/ca\/que-es-lavalloguer-cobertura-per-a-llogater-i-arrendador\/#Connecta_amb_FINQUES_MARTELL\" >Connecta amb FINQUES MARTELL:<\/a><\/li><\/ul><\/li><\/ul><\/nav><\/div>\n<p>En un m\u00f3n on el lloguer d&#8217;habitatges \u00e9s cada cop m\u00e9s com\u00fa, sorgeix una pregunta clau: com garantir seguretat tant per a llogaters com per a propietaris? Aqu\u00ed entra en joc l&#8217;<strong>avalloguer<\/strong>, una soluci\u00f3 innovadora que est\u00e0 guanyant popularitat a Espanya.<\/p>\n<p>Aquest article respon a qu\u00e8 \u00e9s l&#8217;avalloguer, explorant qui se&#8217;n poden beneficiar, les cobertures que ofereix, els requisits per accedir-hi i els seus avantatges.<\/p>\n<h3><span class=\"ez-toc-section\" id=\"Taula_de_continguts\"><\/span>Taula de continguts<span class=\"ez-toc-section-end\"><\/span><\/h3>\n<ul>\n<li>Qu\u00e8 \u00e9s l&#8217;avalloguer?<\/li>\n<li>Com sol\u00b7licitar l&#8217;avalloguer?<\/li>\n<li>Qui es pot beneficiar de l&#8217;avalloguer?<\/li>\n<li>Quines cobertures ofereix l&#8217;avalloguer?<\/li>\n<li>Quins s\u00f3n els requisits per accedir a l&#8217;avalloguer?<\/li>\n<li>Quins s\u00f3n els avantatges de l&#8217;avalloguer?<\/li>\n<\/ul>\n<h3><span class=\"ez-toc-section\" id=\"Punts_clau\"><\/span>Punts clau<span class=\"ez-toc-section-end\"><\/span><\/h3>\n<ul>\n<li>El seg\u00fcent article explica qu\u00e8 \u00e9s l&#8217;avalloguer. Es tracta d&#8217;una eina que facilita l&#8217;acc\u00e9s al lloguer per a persones amb dificultats econ\u00f2miques i ofereix seguretat als propietaris davant d&#8217;impagaments i danys.<\/li>\n<li>Sol\u00b7licitar l&#8217;avalloguer requereix complir amb certs requisits i presentar la documentaci\u00f3 necess\u00e0ria, podent realitzar-se tant en l\u00ednia com presencialment.<\/li>\n<\/ul>\n<h2><span class=\"ez-toc-section\" id=\"Que_es_lavalloguer\"><\/span>Qu\u00e8 \u00e9s l&#8217;avalloguer?<span class=\"ez-toc-section-end\"><\/span><\/h2>\n<p>L&#8217;Avalloguer \u00e9s un sistema de garantia de lloguer impulsat per la Generalitat de Catalunya.<\/p>\n<p>El seu objectiu principal \u00e9s facilitar l&#8217;acc\u00e9s a l&#8217;habitatge de lloguer, especialment per a aquells que troben dificultats per presentar un aval bancari tradicional. Actua com una garantia per al propietari, cobrint possibles impagaments de renda o desperfectes a l&#8217;habitatge.<\/p>\n<p><img loading=\"lazy\" decoding=\"async\" class=\"alignnone wp-image-37046 size-full\" src=\"https:\/\/finquesmartell.com\/wp-content\/uploads\/2023\/11\/pexels-andrea-piacquadio-3791617.jpg\" alt=\"qu\u00e8 \u00e9s l'avalloguer\" width=\"1280\" height=\"853\" srcset=\"https:\/\/finquesmartell.com\/wp-content\/uploads\/2023\/11\/pexels-andrea-piacquadio-3791617.jpg 1280w, https:\/\/finquesmartell.com\/wp-content\/uploads\/2023\/11\/pexels-andrea-piacquadio-3791617-800x533.jpg 800w, https:\/\/finquesmartell.com\/wp-content\/uploads\/2023\/11\/pexels-andrea-piacquadio-3791617-768x512.jpg 768w\" sizes=\"auto, (max-width: 1280px) 100vw, 1280px\" \/><\/p>\n<h2><span class=\"ez-toc-section\" id=\"Com_sollicitar_lavalloguer\"><\/span>Com sol\u00b7licitar l&#8217;avalloguer?<span class=\"ez-toc-section-end\"><\/span><\/h2>\n<p>Per sol\u00b7licitar l&#8217;avalloguer, els interessats han de seguir un proc\u00e9s espec\u00edfic:<\/p>\n<ol>\n<li><strong>Revisar l&#8217;Elegibilitat<\/strong> Abans d&#8217;iniciar el proc\u00e9s, \u00e9s crucial assegurar-se de complir els requisits establerts, com els l\u00edmits d&#8217;ingressos.<\/li>\n<li><strong>Documentaci\u00f3 Necess\u00e0ria:<\/strong> Preparar la documentaci\u00f3 requerida, que generalment inclou identificaci\u00f3 personal, proves d&#8217;ingressos i detalls del contracte d&#8217;arrendament.<\/li>\n<li><strong>Sol\u00b7licitud Online o Presencial:<\/strong> Depenent de l&#8217;entitat que ofereix l&#8217;avalloguer, la sol\u00b7licitud es pot fer en l\u00ednia o de manera presencial.<\/li>\n<li><strong>Avaluaci\u00f3 i Aprovaci\u00f3:<\/strong> La sol\u00b7licitud ser\u00e0 avaluada per l&#8217;entitat, i si es compleix amb tots els criteris, l&#8217;avalloguer ser\u00e0 concedit.<\/li>\n<\/ol>\n<h2><span class=\"ez-toc-section\" id=\"Qui_es_pot_beneficiar_de_lavalloguer\"><\/span>Qui es pot beneficiar de l&#8217;avalloguer?<span class=\"ez-toc-section-end\"><\/span><\/h2>\n<p>L&#8217;avalloguer est\u00e0 dissenyat per a:<\/p>\n<ol>\n<li><strong>Inquilins:<\/strong> Especialment aquells que no poden proporcionar un aval bancari.<\/li>\n<li><strong>Propietaris:<\/strong> Que busquen una seguretat extra als seus contractes de lloguer.<\/li>\n<\/ol>\n<h2><span class=\"ez-toc-section\" id=\"Quines_cobertures_ofereix_lavalloguer\"><\/span>Quines cobertures ofereix l&#8217;avalloguer?<span class=\"ez-toc-section-end\"><\/span><\/h2>\n<p>L&#8217;avalloguer ofereix cobertures com:<\/p>\n<ol>\n<li><strong>Protecci\u00f3 de rendes:<\/strong> Cobreix els impagaments de lloguer.<\/li>\n<li><strong>Danys a la propietat:<\/strong> Assegura contra possibles danys parlats per l&#8217;inquil\u00ed.<\/li>\n<\/ol>\n<h2><span class=\"ez-toc-section\" id=\"Quins_son_els_requisits_per_accedir_a_lavalloguer\"><\/span>Quins s\u00f3n els requisits per accedir a l&#8217;avalloguer?<span class=\"ez-toc-section-end\"><\/span><\/h2>\n<p>Per accedir a l&#8217;avalloguer, cal complir certs requisits:<\/p>\n<ol>\n<li><strong>Contracte de lloguer:<\/strong> Hi ha d&#8217;haver un contracte de lloguer formal.<\/li>\n<li><strong>L\u00edmits d&#8217;ingressos<\/strong> L&#8217;inquil\u00ed ha de tenir ingressos que no superin un cert llindar. Aquests l\u00edmits varien segons la zona:<\/li>\n<\/ol>\n<ul>\n<li><strong>Ciutat de Barcelona:<\/strong> No m\u00e9s de 1.500\u20ac al mes.<\/li>\n<li><strong>Municipis de la zona A:<\/strong> Inclou localitats com Badalona, \u200b\u200bGranollers, Hospitalet de Llobregat, Matar\u00f3, Sant Cugat del Vall\u00e8s, entre d&#8217;altres, i el l\u00edmit \u00e9s de 1.200\u20ac al mes.<\/li>\n<li><strong>Zona B:<\/strong> El l\u00edmit \u00e9s de 1.000\u20ac al mes.<\/li>\n<li><strong>Zona C:<\/strong> S&#8217;estableix un l\u00edmit de 800\u20ac al mes.<\/li>\n<li><strong>Zona D:<\/strong> El l\u00edmit \u00e9s de 600 \u20ac al mes.<\/li>\n<\/ul>\n<p>Aquests l\u00edmits estan determinats pel Pla de l&#8217;habitatge i varien en funci\u00f3 dels \u00e0mbits geogr\u00e0fics definits.<\/p>\n<h2><span class=\"ez-toc-section\" id=\"Quins_son_els_avantatges_de_lavalloguer\"><\/span>Quins s\u00f3n els avantatges de l&#8217;avalloguer?<span class=\"ez-toc-section-end\"><\/span><\/h2>\n<p>Els principals avantatges de l&#8217;avalloguer inclouen:<\/p>\n<ol>\n<li><strong>Accessibilitat al lloguer:<\/strong> Facilita l&#8217;acc\u00e9s a habitatges per als que tenen dificultats econ\u00f2miques.<\/li>\n<li><strong>Seguretat per a propietaris:<\/strong> Ofereix una garantia addicional davant d&#8217;impagaments o danys.<\/li>\n<\/ol>\n<p><img loading=\"lazy\" decoding=\"async\" class=\"alignnone wp-image-37044 size-full\" src=\"https:\/\/finquesmartell.com\/wp-content\/uploads\/2023\/11\/pexels-olga-lioncat-7245023.jpg\" alt=\"qu\u00e8 \u00e9s l'avalloguer\" width=\"1280\" height=\"853\" srcset=\"https:\/\/finquesmartell.com\/wp-content\/uploads\/2023\/11\/pexels-olga-lioncat-7245023.jpg 1280w, https:\/\/finquesmartell.com\/wp-content\/uploads\/2023\/11\/pexels-olga-lioncat-7245023-800x533.jpg 800w, https:\/\/finquesmartell.com\/wp-content\/uploads\/2023\/11\/pexels-olga-lioncat-7245023-768x512.jpg 768w\" sizes=\"auto, (max-width: 1280px) 100vw, 1280px\" \/><\/p>\n<h2><span class=\"ez-toc-section\" id=\"Preguntes_frequents_FAQs\"><\/span>Preguntes freq\u00fcents (FAQ&#8217;s)<span class=\"ez-toc-section-end\"><\/span><\/h2>\n<h3><span class=\"ez-toc-section\" id=\"Com_es_pot_sollicitar_lavalloguer\"><\/span>Com es pot sol\u00b7licitar l&#8217;avalloguer?<span class=\"ez-toc-section-end\"><\/span><\/h3>\n<p>Podeu sol\u00b7licitar l&#8217;avalloguer a trav\u00e9s de l&#8217;organisme gestor de l&#8217;avalloguer, que a Catalunya \u00e9s l&#8217;Institut Catal\u00e0 del S\u00f2l.<\/p>\n<h3><span class=\"ez-toc-section\" id=\"Que_implica_el_regim_de_lavalloguer\"><\/span>Qu\u00e8 implica el r\u00e8gim de l&#8217;avalloguer?<span class=\"ez-toc-section-end\"><\/span><\/h3>\n<p>El r\u00e8gim de l&#8217;avalloguer implica una cobertura per a l&#8217;arrendador en cas d&#8217;impagament de la renda o desnonament, aix\u00ed com la recuperaci\u00f3 de la possessi\u00f3 de la finca en cas que l&#8217;arrendatari no hagi complert les obligacions.<\/p>\n<h3><span class=\"ez-toc-section\" id=\"Quins_documents_son_necessaris_per_sollicitar_lavalloguer\"><\/span>Quins documents s\u00f3n necessaris per sol\u00b7licitar l&#8217;avalloguer?<span class=\"ez-toc-section-end\"><\/span><\/h3>\n<p>Per sol\u00b7licitar l&#8217;avalloguer cal presentar el contracte \u00edntegre de lloguer, el document de comprom\u00eds de submissi\u00f3 al r\u00e8gim de l&#8217;avalloguer, i qualsevol altre requisit que estableixi l&#8217;organisme gestor de l&#8217;avalloguer.<\/p>\n<h3><span class=\"ez-toc-section\" id=\"Es_obligatori_el_registre_del_contracte_de_lloguer_per_accedir_a_lavalloguer\"><\/span>\u00c9s obligatori el registre del contracte de lloguer per accedir a l&#8217;avalloguer?<span class=\"ez-toc-section-end\"><\/span><\/h3>\n<p>S\u00ed, cal registrar el contracte de lloguer al registre de l&#8217;avalloguer per poder accedir a les cobertures i garanties que ofereix aquest r\u00e8gim a Catalunya.<\/p>\n<h3><span class=\"ez-toc-section\" id=\"Que_cal_fer_si_larrendatari_no_ha_cobrat_cap_mensualitat_de_lloguer\"><\/span>Qu\u00e8 cal fer si l&#8217;arrendatari no ha cobrat cap mensualitat de lloguer?<span class=\"ez-toc-section-end\"><\/span><\/h3>\n<p>En cas que l&#8217;arrendatari no hagi cobrat cap mensualitat de lloguer, pot rec\u00f3rrer a l&#8217;avalloguer per a la gesti\u00f3 i la recuperaci\u00f3 de les rendes degudes.<\/p>\n<h3><span class=\"ez-toc-section\" id=\"Que_fa_lorganisme_gestor_de_lavalloguer\"><\/span>Qu\u00e8 fa l&#8217;organisme gestor de l&#8217;avalloguer?<span class=\"ez-toc-section-end\"><\/span><\/h3>\n<p>L&#8217;organisme gestor de l&#8217;avalloguer s&#8217;encarrega d&#8217;administrar les sol\u00b7licituds, gestionar les fiances, assegurar el cobrament de les rendes i fer les accions necess\u00e0ries per a la recuperaci\u00f3 de les possessions en cas d&#8217;impagament o incompliment dels contractes de lloguer que estiguin subjectes al r\u00e8gim del avalloguer a Catalunya.<\/p>\n<div class=\"author-schema\" style=\"margin-top: 10%;\">\n<p><strong>Per consultes pots comunicar-te amb FINQUES MARTELL a:<\/strong> <a href=\"mailto:central@fmartell-comunitats.com\">central@fmartell-comunitats.com.<\/a><\/p>\n<h3><span class=\"ez-toc-section\" id=\"Connecta_amb_FINQUES_MARTELL\"><\/span>Connecta amb FINQUES MARTELL:<span class=\"ez-toc-section-end\"><\/span><\/h3>\n<ul>\n<li>Website: <a href=\"https:\/\/finquesmartell.com\/\">finquesmartell.com<\/a><\/li>\n<li>On som: <a href=\"https:\/\/maps.app.goo.gl\/3UXicqb7nqAgZS7Z6\" target=\"\" rel=\"noopener\">GOOGLE MAPS<\/a><\/li>\n<\/ul>\n<\/div>\n","protected":false},"excerpt":{"rendered":"<p>En un m\u00f3n on el lloguer d&#8217;habitatges \u00e9s cada cop m\u00e9s com\u00fa, sorgeix una pregunta clau: com garantir seguretat tant<\/p>\n","protected":false},"author":1,"featured_media":37049,"comment_status":"open","ping_status":"closed","sticky":false,"template":"","format":"standard","meta":{"_acf_changed":false,"CBBTypography":[],"footnotes":""},"categories":[1],"tags":[],"class_list":["post-37566","post","type-post","status-publish","format-standard","has-post-thumbnail","hentry","category-sin-categorizar","generate-columns","tablet-grid-50","mobile-grid-100","grid-parent","grid-25","no-featured-image-padding"],"acf":[],"_links":{"self":[{"href":"https:\/\/finquesmartell.com\/ca\/wp-json\/wp\/v2\/posts\/37566","targetHints":{"allow":["GET"]}}],"collection":[{"href":"https:\/\/finquesmartell.com\/ca\/wp-json\/wp\/v2\/posts"}],"about":[{"href":"https:\/\/finquesmartell.com\/ca\/wp-json\/wp\/v2\/types\/post"}],"author":[{"embeddable":true,"href":"https:\/\/finquesmartell.com\/ca\/wp-json\/wp\/v2\/users\/1"}],"replies":[{"embeddable":true,"href":"https:\/\/finquesmartell.com\/ca\/wp-json\/wp\/v2\/comments?post=37566"}],"version-history":[{"count":0,"href":"https:\/\/finquesmartell.com\/ca\/wp-json\/wp\/v2\/posts\/37566\/revisions"}],"wp:featuredmedia":[{"embeddable":true,"href":"https:\/\/finquesmartell.com\/ca\/wp-json\/wp\/v2\/media\/37049"}],"wp:attachment":[{"href":"https:\/\/finquesmartell.com\/ca\/wp-json\/wp\/v2\/media?parent=37566"}],"wp:term":[{"taxonomy":"category","embeddable":true,"href":"https:\/\/finquesmartell.com\/ca\/wp-json\/wp\/v2\/categories?post=37566"},{"taxonomy":"post_tag","embeddable":true,"href":"https:\/\/finquesmartell.com\/ca\/wp-json\/wp\/v2\/tags?post=37566"}],"curies":[{"name":"wp","href":"https:\/\/api.w.org\/{rel}","templated":true}]}}